{"id":1826,"__str__":"Indica\u00e7\u00e3o n\u00ba 442 de 2025","link_detail_backend":"/materia/1826","metadata":{},"numero":442,"ano":2025,"numero_protocolo":623,"data_apresentacao":"2025-08-20","tipo_apresentacao":"","data_publicacao":null,"numero_origem_externa":"","ano_origem_externa":null,"data_origem_externa":null,"apelido":"","dias_prazo":null,"data_fim_prazo":null,"em_tramitacao":false,"polemica":false,"objeto":"","complementar":false,"ementa":"No sentido que seja feita a aquisi\u00e7\u00e3o de um ve\u00edculo para ser utilizado nas regi\u00f5es brejeiras do munic\u00edpio, tais como, s\u00edtios Mateus Vieira, Oiti, Ju\u00e1, S\u00e3o Jo\u00e3o e S\u00e3o Bento.","indexacao":"","observacao":"","resultado":"","texto_original":"http://sapl.taquaritingadonorte.pe.leg.br/media/sapl/public/materialegislativa/2025/1826/indicacao_no_sentido_que_seja_feita_a_aquisicao_de_um_veiculo_para_ser_utilizado_nas_regioes_brejeiras_do_municipio_tais_como_sitios_mateus_vieira_oiti_jua_sao_joao_e_sao_bento..pdf","data_ultima_atualizacao":"2025-08-22T08:54:59.612142-03:00","ip":"","ultima_edicao":null,"tipo":8,"regime_tramitacao":1,"tipo_origem_externa":null,"local_origem_externa":null,"user":null,"anexadas":[],"autores":[7]}